{"id":10312,"date":"2020-02-01T01:14:40","date_gmt":"2020-02-01T01:14:40","guid":{"rendered":"http:\/\/carnavalvegano.do\/?p=10312"},"modified":"2020-02-09T23:24:57","modified_gmt":"2020-02-09T23:24:57","slug":"concierto-sabado-1-de-febrero-raulin-rodriguez-teodoro-reyes","status":"publish","type":"post","link":"https:\/\/carnavalvegano.do\/index.php\/2020\/02\/01\/concierto-sabado-1-de-febrero-raulin-rodriguez-teodoro-reyes\/","title":{"rendered":"Concierto S\u00e1bado 1 de Febrero &#8211; Raul\u00edn Rodr\u00edguez &#038; Teodoro Reyes"},"content":{"rendered":"<div class=\"fg_gallery\">\n<div class=\"fg_thumbnail\" style=\"width:256px;margin:0px 5px 5px 0px;\">\n<a title=\"\" href=\"https:\/\/carnavalvegano.do\/wp-content\/galeria\/concierto-sabado-1-2-20-raulin\/Concierto S\u00e1bado 1 de Febrero - Raul\u00edn Rodr\u00edguez & Teodoro Reyes (89).JPG\"><img decoding=\"async\" src=\"https:\/\/carnavalvegano.do\/wp-content\/galeria\/concierto-sabado-1-2-20-raulin\/cache_250x250\/concierto s\u00e1bado 1 de febrero - raul\u00edn rodr\u00edguez & teodoro reyes (89).jpg\" style=\"width:250px;margin:0;padding:2px;border-width:1px;\" alt=\"\" \/><\/a><\/div>\n<div class=\"fg_thumbnail\" style=\"width:256px;margin:0px 5px 5px 0px;\">\n<a title=\"\" href=\"https:\/\/carnavalvegano.do\/wp-content\/galeria\/concierto-sabado-1-2-20-raulin\/Concierto S\u00e1bado 1 de Febrero - Raul\u00edn Rodr\u00edguez & Teodoro Reyes (9).JPG\"><img decoding=\"async\" src=\"https:\/\/carnavalvegano.do\/wp-content\/galeria\/concierto-sabado-1-2-20-raulin\/cache_250x250\/concierto s\u00e1bado 1 de febrero - raul\u00edn rodr\u00edguez & teodoro reyes (9).jpg\" style=\"width:250px;margin:0;padding:2px;border-width:1px;\" alt=\"\" \/><\/a><\/div>\n<div class=\"fg_thumbnail\" style=\"width:256px;margin:0px 5px 5px 0px;\">\n<a title=\"\" href=\"https:\/\/carnavalvegano.do\/wp-content\/galeria\/concierto-sabado-1-2-20-raulin\/Concierto S\u00e1bado 1 de Febrero - Raul\u00edn Rodr\u00edguez & Teodoro Reyes (90).JPG\"><img decoding=\"async\" src=\"https:\/\/carnavalvegano.do\/wp-content\/galeria\/concierto-sabado-1-2-20-raulin\/cache_250x250\/concierto s\u00e1bado 1 de febrero - raul\u00edn rodr\u00edguez & teodoro reyes (90).jpg\" style=\"width:250px;margin:0;padding:2px;border-width:1px;\" alt=\"\" \/><\/a><\/div>\n<div class=\"fg_thumbnail\" style=\"width:256px;margin:0px 5px 5px 0px;\">\n<a title=\"\" href=\"https:\/\/carnavalvegano.do\/wp-content\/galeria\/concierto-sabado-1-2-20-raulin\/Concierto S\u00e1bado 1 de Febrero - Raul\u00edn Rodr\u00edguez & Teodoro Reyes (91).JPG\"><img decoding=\"async\" src=\"https:\/\/carnavalvegano.do\/wp-content\/galeria\/concierto-sabado-1-2-20-raulin\/cache_250x250\/concierto s\u00e1bado 1 de febrero - raul\u00edn rodr\u00edguez & teodoro reyes (91).jpg\" style=\"width:250px;margin:0;padding:2px;border-width:1px;\" alt=\"\" \/><\/a><\/div>\n<div class=\"fg_thumbnail\" style=\"width:256px;margin:0px 5px 5px 0px;\">\n<a title=\"\" href=\"https:\/\/carnavalvegano.do\/wp-content\/galeria\/concierto-sabado-1-2-20-raulin\/Concierto S\u00e1bado 1 de Febrero - Raul\u00edn Rodr\u00edguez & Teodoro Reyes (92).JPG\"><img decoding=\"async\" src=\"https:\/\/carnavalvegano.do\/wp-content\/galeria\/concierto-sabado-1-2-20-raulin\/cache_250x250\/concierto s\u00e1bado 1 de febrero - raul\u00edn rodr\u00edguez & teodoro reyes (92).jpg\" style=\"width:250px;margin:0;padding:2px;border-width:1px;\" alt=\"\" \/><\/a><\/div>\n<div class=\"fg_thumbnail\" style=\"width:256px;margin:0px 5px 5px 0px;\">\n<a title=\"\" href=\"https:\/\/carnavalvegano.do\/wp-content\/galeria\/concierto-sabado-1-2-20-raulin\/Concierto S\u00e1bado 1 de Febrero - Raul\u00edn Rodr\u00edguez & Teodoro Reyes (76).JPG\"><img decoding=\"async\" src=\"https:\/\/carnavalvegano.do\/wp-content\/galeria\/concierto-sabado-1-2-20-raulin\/cache_250x250\/concierto s\u00e1bado 1 de febrero - raul\u00edn rodr\u00edguez & teodoro reyes (76).jpg\" style=\"width:250px;margin:0;padding:2px;border-width:1px;\" alt=\"\" \/><\/a><\/div>\n<div class=\"fg_thumbnail\" style=\"width:256px;margin:0px 5px 5px 0px;\">\n<a title=\"\" href=\"https:\/\/carnavalvegano.do\/wp-content\/galeria\/concierto-sabado-1-2-20-raulin\/Concierto S\u00e1bado 1 de Febrero - Raul\u00edn Rodr\u00edguez & Teodoro Reyes (77).JPG\"><img decoding=\"async\" src=\"https:\/\/carnavalvegano.do\/wp-content\/galeria\/concierto-sabado-1-2-20-raulin\/cache_250x250\/concierto s\u00e1bado 1 de febrero - raul\u00edn rodr\u00edguez & teodoro reyes (77).jpg\" style=\"width:250px;margin:0;padding:2px;border-width:1px;\" alt=\"\" \/><\/a><\/div>\n<div class=\"fg_thumbnail\" style=\"width:256px;margin:0px 5px 5px 0px;\">\n<a title=\"\" href=\"https:\/\/carnavalvegano.do\/wp-content\/galeria\/concierto-sabado-1-2-20-raulin\/Concierto S\u00e1bado 1 de Febrero - Raul\u00edn Rodr\u00edguez & Teodoro Reyes (78).JPG\"><img decoding=\"async\" src=\"https:\/\/carnavalvegano.do\/wp-content\/galeria\/concierto-sabado-1-2-20-raulin\/cache_250x250\/concierto s\u00e1bado 1 de febrero - raul\u00edn rodr\u00edguez & teodoro reyes (78).jpg\" style=\"width:250px;margin:0;padding:2px;border-width:1px;\" alt=\"\" \/><\/a><\/div>\n<div class=\"fg_thumbnail\" style=\"width:256px;margin:0px 5px 5px 0px;\">\n<a title=\"\" href=\"https:\/\/carnavalvegano.do\/wp-content\/galeria\/concierto-sabado-1-2-20-raulin\/Concierto S\u00e1bado 1 de Febrero - Raul\u00edn Rodr\u00edguez & Teodoro Reyes (79).JPG\"><img decoding=\"async\" src=\"https:\/\/carnavalvegano.do\/wp-content\/galeria\/concierto-sabado-1-2-20-raulin\/cache_250x250\/concierto s\u00e1bado 1 de febrero - raul\u00edn rodr\u00edguez & teodoro reyes (79).jpg\" style=\"width:250px;margin:0;padding:2px;border-width:1px;\" alt=\"\" \/><\/a><\/div>\n<div class=\"fg_thumbnail\" style=\"width:256px;margin:0px 5px 5px 0px;\">\n<a title=\"\" href=\"https:\/\/carnavalvegano.do\/wp-content\/galeria\/concierto-sabado-1-2-20-raulin\/Concierto S\u00e1bado 1 de Febrero - Raul\u00edn Rodr\u00edguez & Teodoro Reyes (8).JPG\"><img decoding=\"async\" src=\"https:\/\/carnavalvegano.do\/wp-content\/galeria\/concierto-sabado-1-2-20-raulin\/cache_250x250\/concierto s\u00e1bado 1 de febrero - raul\u00edn rodr\u00edguez & teodoro reyes (8).jpg\" style=\"width:250px;margin:0;padding:2px;border-width:1px;\" alt=\"\" \/><\/a><\/div>\n<div class=\"fg_thumbnail\" style=\"width:256px;margin:0px 5px 5px 0px;\">\n<a title=\"\" href=\"https:\/\/carnavalvegano.do\/wp-content\/galeria\/concierto-sabado-1-2-20-raulin\/Concierto S\u00e1bado 1 de Febrero - Raul\u00edn Rodr\u00edguez & Teodoro Reyes (80).JPG\"><img decoding=\"async\" src=\"https:\/\/carnavalvegano.do\/wp-content\/galeria\/concierto-sabado-1-2-20-raulin\/cache_250x250\/concierto s\u00e1bado 1 de febrero - raul\u00edn rodr\u00edguez & teodoro reyes (80).jpg\" style=\"width:250px;margin:0;padding:2px;border-width:1px;\" alt=\"\" \/><\/a><\/div>\n<div class=\"fg_thumbnail\" style=\"width:256px;margin:0px 5px 5px 0px;\">\n<a title=\"\" href=\"https:\/\/carnavalvegano.do\/wp-content\/galeria\/concierto-sabado-1-2-20-raulin\/Concierto S\u00e1bado 1 de Febrero - Raul\u00edn Rodr\u00edguez & Teodoro Reyes (81).JPG\"><img decoding=\"async\" src=\"https:\/\/carnavalvegano.do\/wp-content\/galeria\/concierto-sabado-1-2-20-raulin\/cache_250x250\/concierto s\u00e1bado 1 de febrero - raul\u00edn rodr\u00edguez & teodoro reyes (81).jpg\" style=\"width:250px;margin:0;padding:2px;border-width:1px;\" alt=\"\" \/><\/a><\/div>\n<div class=\"fg_thumbnail\" style=\"width:256px;margin:0px 5px 5px 0px;\">\n<a title=\"\" href=\"https:\/\/carnavalvegano.do\/wp-content\/galeria\/concierto-sabado-1-2-20-raulin\/Concierto S\u00e1bado 1 de Febrero - Raul\u00edn Rodr\u00edguez & Teodoro Reyes (82).JPG\"><img decoding=\"async\" src=\"https:\/\/carnavalvegano.do\/wp-content\/galeria\/concierto-sabado-1-2-20-raulin\/cache_250x250\/concierto s\u00e1bado 1 de febrero - raul\u00edn rodr\u00edguez & teodoro reyes (82).jpg\" style=\"width:250px;margin:0;padding:2px;border-width:1px;\" alt=\"\" \/><\/a><\/div>\n<div class=\"fg_thumbnail\" style=\"width:256px;margin:0px 5px 5px 0px;\">\n<a title=\"\" href=\"https:\/\/carnavalvegano.do\/wp-content\/galeria\/concierto-sabado-1-2-20-raulin\/Concierto S\u00e1bado 1 de Febrero - Raul\u00edn Rodr\u00edguez & Teodoro Reyes (83).JPG\"><img decoding=\"async\" src=\"https:\/\/carnavalvegano.do\/wp-content\/galeria\/concierto-sabado-1-2-20-raulin\/cache_250x250\/concierto s\u00e1bado 1 de febrero - raul\u00edn rodr\u00edguez & teodoro reyes (83).jpg\" style=\"width:250px;margin:0;padding:2px;border-width:1px;\" alt=\"\" \/><\/a><\/div>\n<div class=\"fg_thumbnail\" style=\"width:256px;margin:0px 5px 5px 0px;\">\n<a title=\"\" href=\"https:\/\/carnavalvegano.do\/wp-content\/galeria\/concierto-sabado-1-2-20-raulin\/Concierto S\u00e1bado 1 de Febrero - Raul\u00edn Rodr\u00edguez & Teodoro Reyes (84).JPG\"><img decoding=\"async\" src=\"https:\/\/carnavalvegano.do\/wp-content\/galeria\/concierto-sabado-1-2-20-raulin\/cache_250x250\/concierto s\u00e1bado 1 de febrero - raul\u00edn rodr\u00edguez & teodoro reyes (84).jpg\" style=\"width:250px;margin:0;padding:2px;border-width:1px;\" alt=\"\" \/><\/a><\/div>\n<div class=\"fg_thumbnail\" style=\"width:256px;margin:0px 5px 5px 0px;\">\n<a title=\"\" href=\"https:\/\/carnavalvegano.do\/wp-content\/galeria\/concierto-sabado-1-2-20-raulin\/Concierto S\u00e1bado 1 de Febrero - Raul\u00edn Rodr\u00edguez & Teodoro Reyes (85).JPG\"><img decoding=\"async\" src=\"https:\/\/carnavalvegano.do\/wp-content\/galeria\/concierto-sabado-1-2-20-raulin\/cache_250x250\/concierto s\u00e1bado 1 de febrero - raul\u00edn rodr\u00edguez & teodoro reyes (85).jpg\" style=\"width:250px;margin:0;padding:2px;border-width:1px;\" alt=\"\" \/><\/a><\/div>\n<div class=\"fg_thumbnail\" style=\"width:256px;margin:0px 5px 5px 0px;\">\n<a title=\"\" href=\"https:\/\/carnavalvegano.do\/wp-content\/galeria\/concierto-sabado-1-2-20-raulin\/Concierto S\u00e1bado 1 de Febrero - Raul\u00edn Rodr\u00edguez & Teodoro Reyes (86).JPG\"><img decoding=\"async\" src=\"https:\/\/carnavalvegano.do\/wp-content\/galeria\/concierto-sabado-1-2-20-raulin\/cache_250x250\/concierto s\u00e1bado 1 de febrero - raul\u00edn rodr\u00edguez & teodoro reyes (86).jpg\" style=\"width:250px;margin:0;padding:2px;border-width:1px;\" alt=\"\" \/><\/a><\/div>\n<div class=\"fg_thumbnail\" style=\"width:256px;margin:0px 5px 5px 0px;\">\n<a title=\"\" href=\"https:\/\/carnavalvegano.do\/wp-content\/galeria\/concierto-sabado-1-2-20-raulin\/Concierto S\u00e1bado 1 de Febrero - Raul\u00edn Rodr\u00edguez & Teodoro Reyes (87).JPG\"><img decoding=\"async\" src=\"https:\/\/carnavalvegano.do\/wp-content\/galeria\/concierto-sabado-1-2-20-raulin\/cache_250x250\/concierto s\u00e1bado 1 de febrero - raul\u00edn rodr\u00edguez & teodoro reyes (87).jpg\" style=\"width:250px;margin:0;padding:2px;border-width:1px;\" alt=\"\" \/><\/a><\/div>\n<div class=\"fg_thumbnail\" style=\"width:256px;margin:0px 5px 5px 0px;\">\n<a title=\"\" href=\"https:\/\/carnavalvegano.do\/wp-content\/galeria\/concierto-sabado-1-2-20-raulin\/Concierto S\u00e1bado 1 de Febrero - Raul\u00edn Rodr\u00edguez & Teodoro Reyes (88).JPG\"><img decoding=\"async\" src=\"https:\/\/carnavalvegano.do\/wp-content\/galeria\/concierto-sabado-1-2-20-raulin\/cache_250x250\/concierto s\u00e1bado 1 de febrero - raul\u00edn rodr\u00edguez & teodoro reyes (88).jpg\" style=\"width:250px;margin:0;padding:2px;border-width:1px;\" alt=\"\" \/><\/a><\/div>\n<div class=\"fg_thumbnail\" style=\"width:256px;margin:0px 5px 5px 0px;\">\n<a title=\"\" href=\"https:\/\/carnavalvegano.do\/wp-content\/galeria\/concierto-sabado-1-2-20-raulin\/Concierto S\u00e1bado 1 de Febrero - Raul\u00edn Rodr\u00edguez & Teodoro Reyes (62).JPG\"><img decoding=\"async\" src=\"https:\/\/carnavalvegano.do\/wp-content\/galeria\/concierto-sabado-1-2-20-raulin\/cache_250x250\/concierto s\u00e1bado 1 de febrero - raul\u00edn rodr\u00edguez & teodoro reyes (62).jpg\" style=\"width:250px;margin:0;padding:2px;border-width:1px;\" alt=\"\" \/><\/a><\/div>\n<div class=\"fg_thumbnail\" style=\"width:256px;margin:0px 5px 5px 0px;\">\n<a title=\"\" href=\"https:\/\/carnavalvegano.do\/wp-content\/galeria\/concierto-sabado-1-2-20-raulin\/Concierto S\u00e1bado 1 de Febrero - Raul\u00edn Rodr\u00edguez & Teodoro Reyes (63).JPG\"><img decoding=\"async\" src=\"https:\/\/carnavalvegano.do\/wp-content\/galeria\/concierto-sabado-1-2-20-raulin\/cache_250x250\/concierto s\u00e1bado 1 de febrero - raul\u00edn rodr\u00edguez & teodoro reyes (63).jpg\" style=\"width:250px;margin:0;padding:2px;border-width:1px;\" alt=\"\" \/><\/a><\/div>\n<div class=\"fg_thumbnail\" style=\"width:256px;margin:0px 5px 5px 0px;\">\n<a title=\"\" href=\"https:\/\/carnavalvegano.do\/wp-content\/galeria\/concierto-sabado-1-2-20-raulin\/Concierto S\u00e1bado 1 de Febrero - Raul\u00edn Rodr\u00edguez & Teodoro Reyes (64).JPG\"><img decoding=\"async\" src=\"https:\/\/carnavalvegano.do\/wp-content\/galeria\/concierto-sabado-1-2-20-raulin\/cache_250x250\/concierto s\u00e1bado 1 de febrero - raul\u00edn rodr\u00edguez & teodoro reyes (64).jpg\" style=\"width:250px;margin:0;padding:2px;border-width:1px;\" alt=\"\" \/><\/a><\/div>\n<div class=\"fg_thumbnail\" style=\"width:256px;margin:0px 5px 5px 0px;\">\n<a title=\"\" href=\"https:\/\/carnavalvegano.do\/wp-content\/galeria\/concierto-sabado-1-2-20-raulin\/Concierto S\u00e1bado 1 de Febrero - Raul\u00edn Rodr\u00edguez & Teodoro Reyes (65).JPG\"><img decoding=\"async\" src=\"https:\/\/carnavalvegano.do\/wp-content\/galeria\/concierto-sabado-1-2-20-raulin\/cache_250x250\/concierto s\u00e1bado 1 de febrero - raul\u00edn rodr\u00edguez & teodoro reyes (65).jpg\" style=\"width:250px;margin:0;padding:2px;border-width:1px;\" alt=\"\" \/><\/a><\/div>\n<div class=\"fg_thumbnail\" style=\"width:256px;margin:0px 5px 5px 0px;\">\n<a title=\"\" href=\"https:\/\/carnavalvegano.do\/wp-content\/galeria\/concierto-sabado-1-2-20-raulin\/Concierto S\u00e1bado 1 de Febrero - Raul\u00edn Rodr\u00edguez & Teodoro Reyes (66).JPG\"><img decoding=\"async\" src=\"https:\/\/carnavalvegano.do\/wp-content\/galeria\/concierto-sabado-1-2-20-raulin\/cache_250x250\/concierto s\u00e1bado 1 de febrero - raul\u00edn rodr\u00edguez & teodoro reyes (66).jpg\" style=\"width:250px;margin:0;padding:2px;border-width:1px;\" alt=\"\" \/><\/a><\/div>\n<div class=\"fg_thumbnail\" style=\"width:256px;margin:0px 5px 5px 0px;\">\n<a title=\"\" href=\"https:\/\/carnavalvegano.do\/wp-content\/galeria\/concierto-sabado-1-2-20-raulin\/Concierto S\u00e1bado 1 de Febrero - Raul\u00edn Rodr\u00edguez & Teodoro Reyes (67).JPG\"><img decoding=\"async\" src=\"https:\/\/carnavalvegano.do\/wp-content\/galeria\/concierto-sabado-1-2-20-raulin\/cache_250x250\/concierto s\u00e1bado 1 de febrero - raul\u00edn rodr\u00edguez & teodoro reyes (67).jpg\" style=\"width:250px;margin:0;padding:2px;border-width:1px;\" alt=\"\" \/><\/a><\/div>\n<div class=\"fg_thumbnail\" style=\"width:256px;margin:0px 5px 5px 0px;\">\n<a title=\"\" href=\"https:\/\/carnavalvegano.do\/wp-content\/galeria\/concierto-sabado-1-2-20-raulin\/Concierto S\u00e1bado 1 de Febrero - Raul\u00edn Rodr\u00edguez & Teodoro Reyes (68).JPG\"><img decoding=\"async\" src=\"https:\/\/carnavalvegano.do\/wp-content\/galeria\/concierto-sabado-1-2-20-raulin\/cache_250x250\/concierto s\u00e1bado 1 de febrero - raul\u00edn rodr\u00edguez & teodoro reyes (68).jpg\" style=\"width:250px;margin:0;padding:2px;border-width:1px;\" alt=\"\" \/><\/a><\/div>\n<div class=\"fg_thumbnail\" style=\"width:256px;margin:0px 5px 5px 0px;\">\n<a title=\"\" href=\"https:\/\/carnavalvegano.do\/wp-content\/galeria\/concierto-sabado-1-2-20-raulin\/Concierto S\u00e1bado 1 de Febrero - Raul\u00edn Rodr\u00edguez & Teodoro Reyes (69).JPG\"><img decoding=\"async\" src=\"https:\/\/carnavalvegano.do\/wp-content\/galeria\/concierto-sabado-1-2-20-raulin\/cache_250x250\/concierto s\u00e1bado 1 de febrero - raul\u00edn rodr\u00edguez & teodoro reyes (69).jpg\" style=\"width:250px;margin:0;padding:2px;border-width:1px;\" alt=\"\" \/><\/a><\/div>\n<div class=\"fg_thumbnail\" style=\"width:256px;margin:0px 5px 5px 0px;\">\n<a title=\"\" href=\"https:\/\/carnavalvegano.do\/wp-content\/galeria\/concierto-sabado-1-2-20-raulin\/Concierto S\u00e1bado 1 de Febrero - Raul\u00edn Rodr\u00edguez & Teodoro Reyes (7).JPG\"><img decoding=\"async\" src=\"https:\/\/carnavalvegano.do\/wp-content\/galeria\/concierto-sabado-1-2-20-raulin\/cache_250x250\/concierto s\u00e1bado 1 de febrero - raul\u00edn rodr\u00edguez & teodoro reyes (7).jpg\" style=\"width:250px;margin:0;padding:2px;border-width:1px;\" alt=\"\" \/><\/a><\/div>\n<div class=\"fg_thumbnail\" style=\"width:256px;margin:0px 5px 5px 0px;\">\n<a title=\"\" href=\"https:\/\/carnavalvegano.do\/wp-content\/galeria\/concierto-sabado-1-2-20-raulin\/Concierto S\u00e1bado 1 de Febrero - Raul\u00edn Rodr\u00edguez & Teodoro Reyes (70).JPG\"><img decoding=\"async\" src=\"https:\/\/carnavalvegano.do\/wp-content\/galeria\/concierto-sabado-1-2-20-raulin\/cache_250x250\/concierto s\u00e1bado 1 de febrero - raul\u00edn rodr\u00edguez & teodoro reyes (70).jpg\" style=\"width:250px;margin:0;padding:2px;border-width:1px;\" alt=\"\" \/><\/a><\/div>\n<div class=\"fg_thumbnail\" style=\"width:256px;margin:0px 5px 5px 0px;\">\n<a title=\"\" href=\"https:\/\/carnavalvegano.do\/wp-content\/galeria\/concierto-sabado-1-2-20-raulin\/Concierto S\u00e1bado 1 de Febrero - Raul\u00edn Rodr\u00edguez & Teodoro Reyes (71).JPG\"><img decoding=\"async\" src=\"https:\/\/carnavalvegano.do\/wp-content\/galeria\/concierto-sabado-1-2-20-raulin\/cache_250x250\/concierto s\u00e1bado 1 de febrero - raul\u00edn rodr\u00edguez & teodoro reyes (71).jpg\" style=\"width:250px;margin:0;padding:2px;border-width:1px;\" alt=\"\" \/><\/a><\/div>\n<div class=\"fg_thumbnail\" style=\"width:256px;margin:0px 5px 5px 0px;\">\n<a title=\"\" href=\"https:\/\/carnavalvegano.do\/wp-content\/galeria\/concierto-sabado-1-2-20-raulin\/Concierto S\u00e1bado 1 de Febrero - Raul\u00edn Rodr\u00edguez & Teodoro Reyes (72).JPG\"><img decoding=\"async\" src=\"https:\/\/carnavalvegano.do\/wp-content\/galeria\/concierto-sabado-1-2-20-raulin\/cache_250x250\/concierto s\u00e1bado 1 de febrero - raul\u00edn rodr\u00edguez & teodoro reyes (72).jpg\" style=\"width:250px;margin:0;padding:2px;border-width:1px;\" alt=\"\" \/><\/a><\/div>\n<div class=\"fg_thumbnail\" style=\"width:256px;margin:0px 5px 5px 0px;\">\n<a title=\"\" href=\"https:\/\/carnavalvegano.do\/wp-content\/galeria\/concierto-sabado-1-2-20-raulin\/Concierto S\u00e1bado 1 de Febrero - Raul\u00edn Rodr\u00edguez & Teodoro Reyes (73).JPG\"><img decoding=\"async\" src=\"https:\/\/carnavalvegano.do\/wp-content\/galeria\/concierto-sabado-1-2-20-raulin\/cache_250x250\/concierto s\u00e1bado 1 de febrero - raul\u00edn rodr\u00edguez & teodoro reyes (73).jpg\" style=\"width:250px;margin:0;padding:2px;border-width:1px;\" alt=\"\" \/><\/a><\/div>\n<div class=\"fg_thumbnail\" style=\"width:256px;margin:0px 5px 5px 0px;\">\n<a title=\"\" href=\"https:\/\/carnavalvegano.do\/wp-content\/galeria\/concierto-sabado-1-2-20-raulin\/Concierto S\u00e1bado 1 de Febrero - Raul\u00edn Rodr\u00edguez & Teodoro Reyes (74).JPG\"><img decoding=\"async\" src=\"https:\/\/carnavalvegano.do\/wp-content\/galeria\/concierto-sabado-1-2-20-raulin\/cache_250x250\/concierto s\u00e1bado 1 de febrero - raul\u00edn rodr\u00edguez & teodoro reyes (74).jpg\" style=\"width:250px;margin:0;padding:2px;border-width:1px;\" alt=\"\" \/><\/a><\/div>\n<div class=\"fg_thumbnail\" style=\"width:256px;margin:0px 5px 5px 0px;\">\n<a title=\"\" href=\"https:\/\/carnavalvegano.do\/wp-content\/galeria\/concierto-sabado-1-2-20-raulin\/Concierto S\u00e1bado 1 de Febrero - Raul\u00edn Rodr\u00edguez & Teodoro Reyes (75).JPG\"><img decoding=\"async\" src=\"https:\/\/carnavalvegano.do\/wp-content\/galeria\/concierto-sabado-1-2-20-raulin\/cache_250x250\/concierto s\u00e1bado 1 de febrero - raul\u00edn rodr\u00edguez & teodoro reyes (75).jpg\" style=\"width:250px;margin:0;padding:2px;border-width:1px;\" alt=\"\" \/><\/a><\/div>\n<div class=\"fg_thumbnail\" style=\"width:256px;margin:0px 5px 5px 0px;\">\n<a title=\"\" href=\"https:\/\/carnavalvegano.do\/wp-content\/galeria\/concierto-sabado-1-2-20-raulin\/Concierto S\u00e1bado 1 de Febrero - Raul\u00edn Rodr\u00edguez & Teodoro Reyes (46).JPG\"><img decoding=\"async\" src=\"https:\/\/carnavalvegano.do\/wp-content\/galeria\/concierto-sabado-1-2-20-raulin\/cache_250x250\/concierto s\u00e1bado 1 de febrero - raul\u00edn rodr\u00edguez & teodoro reyes (46).jpg\" style=\"width:250px;margin:0;padding:2px;border-width:1px;\" alt=\"\" \/><\/a><\/div>\n<div class=\"fg_thumbnail\" style=\"width:256px;margin:0px 5px 5px 0px;\">\n<a title=\"\" href=\"https:\/\/carnavalvegano.do\/wp-content\/galeria\/concierto-sabado-1-2-20-raulin\/Concierto S\u00e1bado 1 de Febrero - Raul\u00edn Rodr\u00edguez & Teodoro Reyes (5).JPG\"><img decoding=\"async\" src=\"https:\/\/carnavalvegano.do\/wp-content\/galeria\/concierto-sabado-1-2-20-raulin\/cache_250x250\/concierto s\u00e1bado 1 de febrero - raul\u00edn rodr\u00edguez & teodoro reyes (5).jpg\" style=\"width:250px;margin:0;padding:2px;border-width:1px;\" alt=\"\" \/><\/a><\/div>\n<div class=\"fg_thumbnail\" style=\"width:256px;margin:0px 5px 5px 0px;\">\n<a title=\"\" href=\"https:\/\/carnavalvegano.do\/wp-content\/galeria\/concierto-sabado-1-2-20-raulin\/Concierto S\u00e1bado 1 de Febrero - Raul\u00edn Rodr\u00edguez & Teodoro Reyes (50).JPG\"><img decoding=\"async\" src=\"https:\/\/carnavalvegano.do\/wp-content\/galeria\/concierto-sabado-1-2-20-raulin\/cache_250x250\/concierto s\u00e1bado 1 de febrero - raul\u00edn rodr\u00edguez & teodoro reyes (50).jpg\" style=\"width:250px;margin:0;padding:2px;border-width:1px;\" alt=\"\" \/><\/a><\/div>\n<div class=\"fg_thumbnail\" style=\"width:256px;margin:0px 5px 5px 0px;\">\n<a title=\"\" href=\"https:\/\/carnavalvegano.do\/wp-content\/galeria\/concierto-sabado-1-2-20-raulin\/Concierto S\u00e1bado 1 de Febrero - Raul\u00edn Rodr\u00edguez & Teodoro Reyes (51).JPG\"><img decoding=\"async\" src=\"https:\/\/carnavalvegano.do\/wp-content\/galeria\/concierto-sabado-1-2-20-raulin\/cache_250x250\/concierto s\u00e1bado 1 de febrero - raul\u00edn rodr\u00edguez & teodoro reyes (51).jpg\" style=\"width:250px;margin:0;padding:2px;border-width:1px;\" alt=\"\" \/><\/a><\/div>\n<div class=\"fg_thumbnail\" style=\"width:256px;margin:0px 5px 5px 0px;\">\n<a title=\"\" href=\"https:\/\/carnavalvegano.do\/wp-content\/galeria\/concierto-sabado-1-2-20-raulin\/Concierto S\u00e1bado 1 de Febrero - Raul\u00edn Rodr\u00edguez & Teodoro Reyes (52).JPG\"><img decoding=\"async\" src=\"https:\/\/carnavalvegano.do\/wp-content\/galeria\/concierto-sabado-1-2-20-raulin\/cache_250x250\/concierto s\u00e1bado 1 de febrero - raul\u00edn rodr\u00edguez & teodoro reyes (52).jpg\" style=\"width:250px;margin:0;padding:2px;border-width:1px;\" alt=\"\" \/><\/a><\/div>\n<div class=\"fg_thumbnail\" style=\"width:256px;margin:0px 5px 5px 0px;\">\n<a title=\"\" href=\"https:\/\/carnavalvegano.do\/wp-content\/galeria\/concierto-sabado-1-2-20-raulin\/Concierto S\u00e1bado 1 de Febrero - Raul\u00edn Rodr\u00edguez & Teodoro Reyes (53).JPG\"><img decoding=\"async\" src=\"https:\/\/carnavalvegano.do\/wp-content\/galeria\/concierto-sabado-1-2-20-raulin\/cache_250x250\/concierto s\u00e1bado 1 de febrero - raul\u00edn rodr\u00edguez & teodoro reyes (53).jpg\" style=\"width:250px;margin:0;padding:2px;border-width:1px;\" alt=\"\" \/><\/a><\/div>\n<div class=\"fg_thumbnail\" style=\"width:256px;margin:0px 5px 5px 0px;\">\n<a title=\"\" href=\"https:\/\/carnavalvegano.do\/wp-content\/galeria\/concierto-sabado-1-2-20-raulin\/Concierto S\u00e1bado 1 de Febrero - Raul\u00edn Rodr\u00edguez & Teodoro Reyes (54).JPG\"><img decoding=\"async\" src=\"https:\/\/carnavalvegano.do\/wp-content\/galeria\/concierto-sabado-1-2-20-raulin\/cache_250x250\/concierto s\u00e1bado 1 de febrero - raul\u00edn rodr\u00edguez & teodoro reyes (54).jpg\" style=\"width:250px;margin:0;padding:2px;border-width:1px;\" alt=\"\" \/><\/a><\/div>\n<div class=\"fg_thumbnail\" style=\"width:256px;margin:0px 5px 5px 0px;\">\n<a title=\"\" href=\"https:\/\/carnavalvegano.do\/wp-content\/galeria\/concierto-sabado-1-2-20-raulin\/Concierto S\u00e1bado 1 de Febrero - Raul\u00edn Rodr\u00edguez & Teodoro Reyes (55).JPG\"><img decoding=\"async\" src=\"https:\/\/carnavalvegano.do\/wp-content\/galeria\/concierto-sabado-1-2-20-raulin\/cache_250x250\/concierto s\u00e1bado 1 de febrero - raul\u00edn rodr\u00edguez & teodoro reyes (55).jpg\" style=\"width:250px;margin:0;padding:2px;border-width:1px;\" alt=\"\" \/><\/a><\/div>\n<div class=\"fg_thumbnail\" style=\"width:256px;margin:0px 5px 5px 0px;\">\n<a title=\"\" href=\"https:\/\/carnavalvegano.do\/wp-content\/galeria\/concierto-sabado-1-2-20-raulin\/Concierto S\u00e1bado 1 de Febrero - Raul\u00edn Rodr\u00edguez & Teodoro Reyes (56).JPG\"><img decoding=\"async\" src=\"https:\/\/carnavalvegano.do\/wp-content\/galeria\/concierto-sabado-1-2-20-raulin\/cache_250x250\/concierto s\u00e1bado 1 de febrero - raul\u00edn rodr\u00edguez & teodoro reyes (56).jpg\" style=\"width:250px;margin:0;padding:2px;border-width:1px;\" alt=\"\" \/><\/a><\/div>\n<div class=\"fg_thumbnail\" style=\"width:256px;margin:0px 5px 5px 0px;\">\n<a title=\"\" href=\"https:\/\/carnavalvegano.do\/wp-content\/galeria\/concierto-sabado-1-2-20-raulin\/Concierto S\u00e1bado 1 de Febrero - Raul\u00edn Rodr\u00edguez & Teodoro Reyes (57).JPG\"><img decoding=\"async\" src=\"https:\/\/carnavalvegano.do\/wp-content\/galeria\/concierto-sabado-1-2-20-raulin\/cache_250x250\/concierto s\u00e1bado 1 de febrero - raul\u00edn rodr\u00edguez & teodoro reyes (57).jpg\" style=\"width:250px;margin:0;padding:2px;border-width:1px;\" alt=\"\" \/><\/a><\/div>\n<div class=\"fg_thumbnail\" style=\"width:256px;margin:0px 5px 5px 0px;\">\n<a title=\"\" href=\"https:\/\/carnavalvegano.do\/wp-content\/galeria\/concierto-sabado-1-2-20-raulin\/Concierto S\u00e1bado 1 de Febrero - Raul\u00edn Rodr\u00edguez & Teodoro Reyes (58).JPG\"><img decoding=\"async\" src=\"https:\/\/carnavalvegano.do\/wp-content\/galeria\/concierto-sabado-1-2-20-raulin\/cache_250x250\/concierto s\u00e1bado 1 de febrero - raul\u00edn rodr\u00edguez & teodoro reyes (58).jpg\" style=\"width:250px;margin:0;padding:2px;border-width:1px;\" alt=\"\" \/><\/a><\/div>\n<div class=\"fg_thumbnail\" style=\"width:256px;margin:0px 5px 5px 0px;\">\n<a title=\"\" href=\"https:\/\/carnavalvegano.do\/wp-content\/galeria\/concierto-sabado-1-2-20-raulin\/Concierto S\u00e1bado 1 de Febrero - Raul\u00edn Rodr\u00edguez & Teodoro Reyes (59).JPG\"><img decoding=\"async\" src=\"https:\/\/carnavalvegano.do\/wp-content\/galeria\/concierto-sabado-1-2-20-raulin\/cache_250x250\/concierto s\u00e1bado 1 de febrero - raul\u00edn rodr\u00edguez & teodoro reyes (59).jpg\" style=\"width:250px;margin:0;padding:2px;border-width:1px;\" alt=\"\" \/><\/a><\/div>\n<div class=\"fg_thumbnail\" style=\"width:256px;margin:0px 5px 5px 0px;\">\n<a title=\"\" href=\"https:\/\/carnavalvegano.do\/wp-content\/galeria\/concierto-sabado-1-2-20-raulin\/Concierto S\u00e1bado 1 de Febrero - Raul\u00edn Rodr\u00edguez & Teodoro Reyes (6).JPG\"><img decoding=\"async\" src=\"https:\/\/carnavalvegano.do\/wp-content\/galeria\/concierto-sabado-1-2-20-raulin\/cache_250x250\/concierto s\u00e1bado 1 de febrero - raul\u00edn rodr\u00edguez & teodoro reyes (6).jpg\" style=\"width:250px;margin:0;padding:2px;border-width:1px;\" alt=\"\" \/><\/a><\/div>\n<div class=\"fg_thumbnail\" style=\"width:256px;margin:0px 5px 5px 0px;\">\n<a title=\"\" href=\"https:\/\/carnavalvegano.do\/wp-content\/galeria\/concierto-sabado-1-2-20-raulin\/Concierto S\u00e1bado 1 de Febrero - Raul\u00edn Rodr\u00edguez & Teodoro Reyes (60).JPG\"><img decoding=\"async\" src=\"https:\/\/carnavalvegano.do\/wp-content\/galeria\/concierto-sabado-1-2-20-raulin\/cache_250x250\/concierto s\u00e1bado 1 de febrero - raul\u00edn rodr\u00edguez & teodoro reyes (60).jpg\" style=\"width:250px;margin:0;padding:2px;border-width:1px;\" alt=\"\" \/><\/a><\/div>\n<div class=\"fg_thumbnail\" style=\"width:256px;margin:0px 5px 5px 0px;\">\n<a title=\"\" href=\"https:\/\/carnavalvegano.do\/wp-content\/galeria\/concierto-sabado-1-2-20-raulin\/Concierto S\u00e1bado 1 de Febrero - Raul\u00edn Rodr\u00edguez & Teodoro Reyes (61).JPG\"><img decoding=\"async\" src=\"https:\/\/carnavalvegano.do\/wp-content\/galeria\/concierto-sabado-1-2-20-raulin\/cache_250x250\/concierto s\u00e1bado 1 de febrero - raul\u00edn rodr\u00edguez & teodoro reyes (61).jpg\" style=\"width:250px;margin:0;padding:2px;border-width:1px;\" alt=\"\" \/><\/a><\/div>\n<div class=\"fg_thumbnail\" style=\"width:256px;margin:0px 5px 5px 0px;\">\n<a title=\"\" href=\"https:\/\/carnavalvegano.do\/wp-content\/galeria\/concierto-sabado-1-2-20-raulin\/Concierto S\u00e1bado 1 de Febrero - Raul\u00edn Rodr\u00edguez & Teodoro Reyes (34).JPG\"><img decoding=\"async\" src=\"https:\/\/carnavalvegano.do\/wp-content\/galeria\/concierto-sabado-1-2-20-raulin\/cache_250x250\/concierto s\u00e1bado 1 de febrero - raul\u00edn rodr\u00edguez & teodoro reyes (34).jpg\" style=\"width:250px;margin:0;padding:2px;border-width:1px;\" alt=\"\" \/><\/a><\/div>\n<div class=\"fg_thumbnail\" style=\"width:256px;margin:0px 5px 5px 0px;\">\n<a title=\"\" href=\"https:\/\/carnavalvegano.do\/wp-content\/galeria\/concierto-sabado-1-2-20-raulin\/Concierto S\u00e1bado 1 de Febrero - Raul\u00edn Rodr\u00edguez & Teodoro Reyes (35).JPG\"><img decoding=\"async\" src=\"https:\/\/carnavalvegano.do\/wp-content\/galeria\/concierto-sabado-1-2-20-raulin\/cache_250x250\/concierto s\u00e1bado 1 de febrero - raul\u00edn rodr\u00edguez & teodoro reyes (35).jpg\" style=\"width:250px;margin:0;padding:2px;border-width:1px;\" alt=\"\" \/><\/a><\/div>\n<div class=\"fg_thumbnail\" style=\"width:256px;margin:0px 5px 5px 0px;\">\n<a title=\"\" href=\"https:\/\/carnavalvegano.do\/wp-content\/galeria\/concierto-sabado-1-2-20-raulin\/Concierto S\u00e1bado 1 de Febrero - Raul\u00edn Rodr\u00edguez & Teodoro Reyes (36).JPG\"><img decoding=\"async\" src=\"https:\/\/carnavalvegano.do\/wp-content\/galeria\/concierto-sabado-1-2-20-raulin\/cache_250x250\/concierto s\u00e1bado 1 de febrero - raul\u00edn rodr\u00edguez & teodoro reyes (36).jpg\" style=\"width:250px;margin:0;padding:2px;border-width:1px;\" alt=\"\" \/><\/a><\/div>\n<div class=\"fg_thumbnail\" style=\"width:256px;margin:0px 5px 5px 0px;\">\n<a title=\"\" href=\"https:\/\/carnavalvegano.do\/wp-content\/galeria\/concierto-sabado-1-2-20-raulin\/Concierto S\u00e1bado 1 de Febrero - Raul\u00edn Rodr\u00edguez & Teodoro Reyes (37).JPG\"><img decoding=\"async\" src=\"https:\/\/carnavalvegano.do\/wp-content\/galeria\/concierto-sabado-1-2-20-raulin\/cache_250x250\/concierto s\u00e1bado 1 de febrero - raul\u00edn rodr\u00edguez & teodoro reyes (37).jpg\" style=\"width:250px;margin:0;padding:2px;border-width:1px;\" alt=\"\" \/><\/a><\/div>\n<div class=\"fg_thumbnail\" style=\"width:256px;margin:0px 5px 5px 0px;\">\n<a title=\"\" href=\"https:\/\/carnavalvegano.do\/wp-content\/galeria\/concierto-sabado-1-2-20-raulin\/Concierto S\u00e1bado 1 de Febrero - Raul\u00edn Rodr\u00edguez & Teodoro Reyes (38).JPG\"><img decoding=\"async\" src=\"https:\/\/carnavalvegano.do\/wp-content\/galeria\/concierto-sabado-1-2-20-raulin\/cache_250x250\/concierto s\u00e1bado 1 de febrero - raul\u00edn rodr\u00edguez & teodoro reyes (38).jpg\" style=\"width:250px;margin:0;padding:2px;border-width:1px;\" alt=\"\" \/><\/a><\/div>\n<div class=\"fg_thumbnail\" style=\"width:256px;margin:0px 5px 5px 0px;\">\n<a title=\"\" href=\"https:\/\/carnavalvegano.do\/wp-content\/galeria\/concierto-sabado-1-2-20-raulin\/Concierto S\u00e1bado 1 de Febrero - Raul\u00edn Rodr\u00edguez & Teodoro Reyes (39).JPG\"><img decoding=\"async\" src=\"https:\/\/carnavalvegano.do\/wp-content\/galeria\/concierto-sabado-1-2-20-raulin\/cache_250x250\/concierto s\u00e1bado 1 de febrero - raul\u00edn rodr\u00edguez & teodoro reyes (39).jpg\" style=\"width:250px;margin:0;padding:2px;border-width:1px;\" alt=\"\" \/><\/a><\/div>\n<div class=\"fg_thumbnail\" style=\"width:256px;margin:0px 5px 5px 0px;\">\n<a title=\"\" href=\"https:\/\/carnavalvegano.do\/wp-content\/galeria\/concierto-sabado-1-2-20-raulin\/Concierto S\u00e1bado 1 de Febrero - Raul\u00edn Rodr\u00edguez & Teodoro Reyes (4).JPG\"><img decoding=\"async\" src=\"https:\/\/carnavalvegano.do\/wp-content\/galeria\/concierto-sabado-1-2-20-raulin\/cache_250x250\/concierto s\u00e1bado 1 de febrero - raul\u00edn rodr\u00edguez & teodoro reyes (4).jpg\" style=\"width:250px;margin:0;padding:2px;border-width:1px;\" alt=\"\" \/><\/a><\/div>\n<div class=\"fg_thumbnail\" style=\"width:256px;margin:0px 5px 5px 0px;\">\n<a title=\"\" href=\"https:\/\/carnavalvegano.do\/wp-content\/galeria\/concierto-sabado-1-2-20-raulin\/Concierto S\u00e1bado 1 de Febrero - Raul\u00edn Rodr\u00edguez & Teodoro Reyes (40).JPG\"><img decoding=\"async\" src=\"https:\/\/carnavalvegano.do\/wp-content\/galeria\/concierto-sabado-1-2-20-raulin\/cache_250x250\/concierto s\u00e1bado 1 de febrero - raul\u00edn rodr\u00edguez & teodoro reyes (40).jpg\" style=\"width:250px;margin:0;padding:2px;border-width:1px;\" alt=\"\" \/><\/a><\/div>\n<div class=\"fg_thumbnail\" style=\"width:256px;margin:0px 5px 5px 0px;\">\n<a title=\"\" href=\"https:\/\/carnavalvegano.do\/wp-content\/galeria\/concierto-sabado-1-2-20-raulin\/Concierto S\u00e1bado 1 de Febrero - Raul\u00edn Rodr\u00edguez & Teodoro Reyes (41).JPG\"><img decoding=\"async\" src=\"https:\/\/carnavalvegano.do\/wp-content\/galeria\/concierto-sabado-1-2-20-raulin\/cache_250x250\/concierto s\u00e1bado 1 de febrero - raul\u00edn rodr\u00edguez & teodoro reyes (41).jpg\" style=\"width:250px;margin:0;padding:2px;border-width:1px;\" alt=\"\" \/><\/a><\/div>\n<div class=\"fg_thumbnail\" style=\"width:256px;margin:0px 5px 5px 0px;\">\n<a title=\"\" href=\"https:\/\/carnavalvegano.do\/wp-content\/galeria\/concierto-sabado-1-2-20-raulin\/Concierto S\u00e1bado 1 de Febrero - Raul\u00edn Rodr\u00edguez & Teodoro Reyes (42).JPG\"><img decoding=\"async\" src=\"https:\/\/carnavalvegano.do\/wp-content\/galeria\/concierto-sabado-1-2-20-raulin\/cache_250x250\/concierto s\u00e1bado 1 de febrero - raul\u00edn rodr\u00edguez & teodoro reyes (42).jpg\" style=\"width:250px;margin:0;padding:2px;border-width:1px;\" alt=\"\" \/><\/a><\/div>\n<div class=\"fg_thumbnail\" style=\"width:256px;margin:0px 5px 5px 0px;\">\n<a title=\"\" href=\"https:\/\/carnavalvegano.do\/wp-content\/galeria\/concierto-sabado-1-2-20-raulin\/Concierto S\u00e1bado 1 de Febrero - Raul\u00edn Rodr\u00edguez & Teodoro Reyes (43).JPG\"><img decoding=\"async\" src=\"https:\/\/carnavalvegano.do\/wp-content\/galeria\/concierto-sabado-1-2-20-raulin\/cache_250x250\/concierto s\u00e1bado 1 de febrero - raul\u00edn rodr\u00edguez & teodoro reyes (43).jpg\" style=\"width:250px;margin:0;padding:2px;border-width:1px;\" alt=\"\" \/><\/a><\/div>\n<div class=\"fg_thumbnail\" style=\"width:256px;margin:0px 5px 5px 0px;\">\n<a title=\"\" href=\"https:\/\/carnavalvegano.do\/wp-content\/galeria\/concierto-sabado-1-2-20-raulin\/Concierto S\u00e1bado 1 de Febrero - Raul\u00edn Rodr\u00edguez & Teodoro Reyes (44).JPG\"><img decoding=\"async\" src=\"https:\/\/carnavalvegano.do\/wp-content\/galeria\/concierto-sabado-1-2-20-raulin\/cache_250x250\/concierto s\u00e1bado 1 de febrero - raul\u00edn rodr\u00edguez & teodoro reyes (44).jpg\" style=\"width:250px;margin:0;padding:2px;border-width:1px;\" alt=\"\" \/><\/a><\/div>\n<div class=\"fg_thumbnail\" style=\"width:256px;margin:0px 5px 5px 0px;\">\n<a title=\"\" href=\"https:\/\/carnavalvegano.do\/wp-content\/galeria\/concierto-sabado-1-2-20-raulin\/Concierto S\u00e1bado 1 de Febrero - Raul\u00edn Rodr\u00edguez & Teodoro Reyes (45).JPG\"><img decoding=\"async\" src=\"https:\/\/carnavalvegano.do\/wp-content\/galeria\/concierto-sabado-1-2-20-raulin\/cache_250x250\/concierto s\u00e1bado 1 de febrero - raul\u00edn rodr\u00edguez & teodoro reyes (45).jpg\" style=\"width:250px;margin:0;padding:2px;border-width:1px;\" alt=\"\" \/><\/a><\/div>\n<div class=\"fg_thumbnail\" style=\"width:256px;margin:0px 5px 5px 0px;\">\n<a title=\"\" href=\"https:\/\/carnavalvegano.do\/wp-content\/galeria\/concierto-sabado-1-2-20-raulin\/Concierto S\u00e1bado 1 de Febrero - Raul\u00edn Rodr\u00edguez & Teodoro Reyes (47).JPG\"><img decoding=\"async\" src=\"https:\/\/carnavalvegano.do\/wp-content\/galeria\/concierto-sabado-1-2-20-raulin\/cache_250x250\/concierto s\u00e1bado 1 de febrero - raul\u00edn rodr\u00edguez & teodoro reyes (47).jpg\" style=\"width:250px;margin:0;padding:2px;border-width:1px;\" alt=\"\" \/><\/a><\/div>\n<div class=\"fg_thumbnail\" style=\"width:256px;margin:0px 5px 5px 0px;\">\n<a title=\"\" href=\"https:\/\/carnavalvegano.do\/wp-content\/galeria\/concierto-sabado-1-2-20-raulin\/Concierto S\u00e1bado 1 de Febrero - Raul\u00edn Rodr\u00edguez & Teodoro Reyes (48).JPG\"><img decoding=\"async\" src=\"https:\/\/carnavalvegano.do\/wp-content\/galeria\/concierto-sabado-1-2-20-raulin\/cache_250x250\/concierto s\u00e1bado 1 de febrero - raul\u00edn rodr\u00edguez & teodoro reyes (48).jpg\" style=\"width:250px;margin:0;padding:2px;border-width:1px;\" alt=\"\" \/><\/a><\/div>\n<div class=\"fg_thumbnail\" style=\"width:256px;margin:0px 5px 5px 0px;\">\n<a title=\"\" href=\"https:\/\/carnavalvegano.do\/wp-content\/galeria\/concierto-sabado-1-2-20-raulin\/Concierto S\u00e1bado 1 de Febrero - Raul\u00edn Rodr\u00edguez & Teodoro Reyes (49).JPG\"><img decoding=\"async\" src=\"https:\/\/carnavalvegano.do\/wp-content\/galeria\/concierto-sabado-1-2-20-raulin\/cache_250x250\/concierto s\u00e1bado 1 de febrero - raul\u00edn rodr\u00edguez & teodoro reyes (49).jpg\" style=\"width:250px;margin:0;padding:2px;border-width:1px;\" alt=\"\" \/><\/a><\/div>\n<div class=\"fg_thumbnail\" style=\"width:256px;margin:0px 5px 5px 0px;\">\n<a title=\"\" href=\"https:\/\/carnavalvegano.do\/wp-content\/galeria\/concierto-sabado-1-2-20-raulin\/Concierto S\u00e1bado 1 de Febrero - Raul\u00edn Rodr\u00edguez & Teodoro Reyes (22).JPG\"><img decoding=\"async\" src=\"https:\/\/carnavalvegano.do\/wp-content\/galeria\/concierto-sabado-1-2-20-raulin\/cache_250x250\/concierto s\u00e1bado 1 de febrero - raul\u00edn rodr\u00edguez & teodoro reyes (22).jpg\" style=\"width:250px;margin:0;padding:2px;border-width:1px;\" alt=\"\" \/><\/a><\/div>\n<div class=\"fg_thumbnail\" style=\"width:256px;margin:0px 5px 5px 0px;\">\n<a title=\"\" href=\"https:\/\/carnavalvegano.do\/wp-content\/galeria\/concierto-sabado-1-2-20-raulin\/Concierto S\u00e1bado 1 de Febrero - Raul\u00edn Rodr\u00edguez & Teodoro Reyes (23).JPG\"><img decoding=\"async\" src=\"https:\/\/carnavalvegano.do\/wp-content\/galeria\/concierto-sabado-1-2-20-raulin\/cache_250x250\/concierto s\u00e1bado 1 de febrero - raul\u00edn rodr\u00edguez & teodoro reyes (23).jpg\" style=\"width:250px;margin:0;padding:2px;border-width:1px;\" alt=\"\" \/><\/a><\/div>\n<div class=\"fg_thumbnail\" style=\"width:256px;margin:0px 5px 5px 0px;\">\n<a title=\"\" href=\"https:\/\/carnavalvegano.do\/wp-content\/galeria\/concierto-sabado-1-2-20-raulin\/Concierto S\u00e1bado 1 de Febrero - Raul\u00edn Rodr\u00edguez & Teodoro Reyes (24).JPG\"><img decoding=\"async\" src=\"https:\/\/carnavalvegano.do\/wp-content\/galeria\/concierto-sabado-1-2-20-raulin\/cache_250x250\/concierto s\u00e1bado 1 de febrero - raul\u00edn rodr\u00edguez & teodoro reyes (24).jpg\" style=\"width:250px;margin:0;padding:2px;border-width:1px;\" alt=\"\" \/><\/a><\/div>\n<div class=\"fg_thumbnail\" style=\"width:256px;margin:0px 5px 5px 0px;\">\n<a title=\"\" href=\"https:\/\/carnavalvegano.do\/wp-content\/galeria\/concierto-sabado-1-2-20-raulin\/Concierto S\u00e1bado 1 de Febrero - Raul\u00edn Rodr\u00edguez & Teodoro Reyes (25).JPG\"><img decoding=\"async\" src=\"https:\/\/carnavalvegano.do\/wp-content\/galeria\/concierto-sabado-1-2-20-raulin\/cache_250x250\/concierto s\u00e1bado 1 de febrero - raul\u00edn rodr\u00edguez & teodoro reyes (25).jpg\" style=\"width:250px;margin:0;padding:2px;border-width:1px;\" alt=\"\" \/><\/a><\/div>\n<div class=\"fg_thumbnail\" style=\"width:256px;margin:0px 5px 5px 0px;\">\n<a title=\"\" href=\"https:\/\/carnavalvegano.do\/wp-content\/galeria\/concierto-sabado-1-2-20-raulin\/Concierto S\u00e1bado 1 de Febrero - Raul\u00edn Rodr\u00edguez & Teodoro Reyes (26).JPG\"><img decoding=\"async\" src=\"https:\/\/carnavalvegano.do\/wp-content\/galeria\/concierto-sabado-1-2-20-raulin\/cache_250x250\/concierto s\u00e1bado 1 de febrero - raul\u00edn rodr\u00edguez & teodoro reyes (26).jpg\" style=\"width:250px;margin:0;padding:2px;border-width:1px;\" alt=\"\" \/><\/a><\/div>\n<div class=\"fg_thumbnail\" style=\"width:256px;margin:0px 5px 5px 0px;\">\n<a title=\"\" href=\"https:\/\/carnavalvegano.do\/wp-content\/galeria\/concierto-sabado-1-2-20-raulin\/Concierto S\u00e1bado 1 de Febrero - Raul\u00edn Rodr\u00edguez & Teodoro Reyes (27).JPG\"><img decoding=\"async\" src=\"https:\/\/carnavalvegano.do\/wp-content\/galeria\/concierto-sabado-1-2-20-raulin\/cache_250x250\/concierto s\u00e1bado 1 de febrero - raul\u00edn rodr\u00edguez & teodoro reyes (27).jpg\" style=\"width:250px;margin:0;padding:2px;border-width:1px;\" alt=\"\" \/><\/a><\/div>\n<div class=\"fg_thumbnail\" style=\"width:256px;margin:0px 5px 5px 0px;\">\n<a title=\"\" href=\"https:\/\/carnavalvegano.do\/wp-content\/galeria\/concierto-sabado-1-2-20-raulin\/Concierto S\u00e1bado 1 de Febrero - Raul\u00edn Rodr\u00edguez & Teodoro Reyes (28).JPG\"><img decoding=\"async\" src=\"https:\/\/carnavalvegano.do\/wp-content\/galeria\/concierto-sabado-1-2-20-raulin\/cache_250x250\/concierto s\u00e1bado 1 de febrero - raul\u00edn rodr\u00edguez & teodoro reyes (28).jpg\" style=\"width:250px;margin:0;padding:2px;border-width:1px;\" alt=\"\" \/><\/a><\/div>\n<div class=\"fg_thumbnail\" style=\"width:256px;margin:0px 5px 5px 0px;\">\n<a title=\"\" href=\"https:\/\/carnavalvegano.do\/wp-content\/galeria\/concierto-sabado-1-2-20-raulin\/Concierto S\u00e1bado 1 de Febrero - Raul\u00edn Rodr\u00edguez & Teodoro Reyes (29).JPG\"><img decoding=\"async\" src=\"https:\/\/carnavalvegano.do\/wp-content\/galeria\/concierto-sabado-1-2-20-raulin\/cache_250x250\/concierto s\u00e1bado 1 de febrero - raul\u00edn rodr\u00edguez & teodoro reyes (29).jpg\" style=\"width:250px;margin:0;padding:2px;border-width:1px;\" alt=\"\" \/><\/a><\/div>\n<div class=\"fg_thumbnail\" style=\"width:256px;margin:0px 5px 5px 0px;\">\n<a title=\"\" href=\"https:\/\/carnavalvegano.do\/wp-content\/galeria\/concierto-sabado-1-2-20-raulin\/Concierto S\u00e1bado 1 de Febrero - Raul\u00edn Rodr\u00edguez & Teodoro Reyes (3).JPG\"><img decoding=\"async\" src=\"https:\/\/carnavalvegano.do\/wp-content\/galeria\/concierto-sabado-1-2-20-raulin\/cache_250x250\/concierto s\u00e1bado 1 de febrero - raul\u00edn rodr\u00edguez & teodoro reyes (3).jpg\" style=\"width:250px;margin:0;padding:2px;border-width:1px;\" alt=\"\" \/><\/a><\/div>\n<div class=\"fg_thumbnail\" style=\"width:256px;margin:0px 5px 5px 0px;\">\n<a title=\"\" href=\"https:\/\/carnavalvegano.do\/wp-content\/galeria\/concierto-sabado-1-2-20-raulin\/Concierto S\u00e1bado 1 de Febrero - Raul\u00edn Rodr\u00edguez & Teodoro Reyes (30).JPG\"><img decoding=\"async\" src=\"https:\/\/carnavalvegano.do\/wp-content\/galeria\/concierto-sabado-1-2-20-raulin\/cache_250x250\/concierto s\u00e1bado 1 de febrero - raul\u00edn rodr\u00edguez & teodoro reyes (30).jpg\" style=\"width:250px;margin:0;padding:2px;border-width:1px;\" alt=\"\" \/><\/a><\/div>\n<div class=\"fg_thumbnail\" style=\"width:256px;margin:0px 5px 5px 0px;\">\n<a title=\"\" href=\"https:\/\/carnavalvegano.do\/wp-content\/galeria\/concierto-sabado-1-2-20-raulin\/Concierto S\u00e1bado 1 de Febrero - Raul\u00edn Rodr\u00edguez & Teodoro Reyes (31).JPG\"><img decoding=\"async\" src=\"https:\/\/carnavalvegano.do\/wp-content\/galeria\/concierto-sabado-1-2-20-raulin\/cache_250x250\/concierto s\u00e1bado 1 de febrero - raul\u00edn rodr\u00edguez & teodoro reyes (31).jpg\" style=\"width:250px;margin:0;padding:2px;border-width:1px;\" alt=\"\" \/><\/a><\/div>\n<div class=\"fg_thumbnail\" style=\"width:256px;margin:0px 5px 5px 0px;\">\n<a title=\"\" href=\"https:\/\/carnavalvegano.do\/wp-content\/galeria\/concierto-sabado-1-2-20-raulin\/Concierto S\u00e1bado 1 de Febrero - Raul\u00edn Rodr\u00edguez & Teodoro Reyes (32).JPG\"><img decoding=\"async\" src=\"https:\/\/carnavalvegano.do\/wp-content\/galeria\/concierto-sabado-1-2-20-raulin\/cache_250x250\/concierto s\u00e1bado 1 de febrero - raul\u00edn rodr\u00edguez & teodoro reyes (32).jpg\" style=\"width:250px;margin:0;padding:2px;border-width:1px;\" alt=\"\" \/><\/a><\/div>\n<div class=\"fg_thumbnail\" style=\"width:256px;margin:0px 5px 5px 0px;\">\n<a title=\"\" href=\"https:\/\/carnavalvegano.do\/wp-content\/galeria\/concierto-sabado-1-2-20-raulin\/Concierto S\u00e1bado 1 de Febrero - Raul\u00edn Rodr\u00edguez & Teodoro Reyes (33).JPG\"><img decoding=\"async\" src=\"https:\/\/carnavalvegano.do\/wp-content\/galeria\/concierto-sabado-1-2-20-raulin\/cache_250x250\/concierto s\u00e1bado 1 de febrero - raul\u00edn rodr\u00edguez & teodoro reyes (33).jpg\" style=\"width:250px;margin:0;padding:2px;border-width:1px;\" alt=\"\" \/><\/a><\/div>\n<div class=\"fg_thumbnail\" style=\"width:256px;margin:0px 5px 5px 0px;\">\n<a title=\"\" href=\"https:\/\/carnavalvegano.do\/wp-content\/galeria\/concierto-sabado-1-2-20-raulin\/Concierto S\u00e1bado 1 de Febrero - Raul\u00edn Rodr\u00edguez & Teodoro Reyes (1).JPG\"><img decoding=\"async\" src=\"https:\/\/carnavalvegano.do\/wp-content\/galeria\/concierto-sabado-1-2-20-raulin\/cache_250x250\/concierto s\u00e1bado 1 de febrero - raul\u00edn rodr\u00edguez & teodoro reyes (1).jpg\" style=\"width:250px;margin:0;padding:2px;border-width:1px;\" alt=\"\" \/><\/a><\/div>\n<div class=\"fg_thumbnail\" style=\"width:256px;margin:0px 5px 5px 0px;\">\n<a title=\"\" href=\"https:\/\/carnavalvegano.do\/wp-content\/galeria\/concierto-sabado-1-2-20-raulin\/Concierto S\u00e1bado 1 de Febrero - Raul\u00edn Rodr\u00edguez & Teodoro Reyes (10).JPG\"><img decoding=\"async\" src=\"https:\/\/carnavalvegano.do\/wp-content\/galeria\/concierto-sabado-1-2-20-raulin\/cache_250x250\/concierto s\u00e1bado 1 de febrero - raul\u00edn rodr\u00edguez & teodoro reyes (10).jpg\" style=\"width:250px;margin:0;padding:2px;border-width:1px;\" alt=\"\" \/><\/a><\/div>\n<div class=\"fg_thumbnail\" style=\"width:256px;margin:0px 5px 5px 0px;\">\n<a title=\"\" href=\"https:\/\/carnavalvegano.do\/wp-content\/galeria\/concierto-sabado-1-2-20-raulin\/Concierto S\u00e1bado 1 de Febrero - Raul\u00edn Rodr\u00edguez & Teodoro Reyes (11).JPG\"><img decoding=\"async\" src=\"https:\/\/carnavalvegano.do\/wp-content\/galeria\/concierto-sabado-1-2-20-raulin\/cache_250x250\/concierto s\u00e1bado 1 de febrero - raul\u00edn rodr\u00edguez & teodoro reyes (11).jpg\" style=\"width:250px;margin:0;padding:2px;border-width:1px;\" alt=\"\" \/><\/a><\/div>\n<div class=\"fg_thumbnail\" style=\"width:256px;margin:0px 5px 5px 0px;\">\n<a title=\"\" href=\"https:\/\/carnavalvegano.do\/wp-content\/galeria\/concierto-sabado-1-2-20-raulin\/Concierto S\u00e1bado 1 de Febrero - Raul\u00edn Rodr\u00edguez & Teodoro Reyes (12).JPG\"><img decoding=\"async\" src=\"https:\/\/carnavalvegano.do\/wp-content\/galeria\/concierto-sabado-1-2-20-raulin\/cache_250x250\/concierto s\u00e1bado 1 de febrero - raul\u00edn rodr\u00edguez & teodoro reyes (12).jpg\" style=\"width:250px;margin:0;padding:2px;border-width:1px;\" alt=\"\" \/><\/a><\/div>\n<div class=\"fg_thumbnail\" style=\"width:256px;margin:0px 5px 5px 0px;\">\n<a title=\"\" href=\"https:\/\/carnavalvegano.do\/wp-content\/galeria\/concierto-sabado-1-2-20-raulin\/Concierto S\u00e1bado 1 de Febrero - Raul\u00edn Rodr\u00edguez & Teodoro Reyes (13).JPG\"><img decoding=\"async\" src=\"https:\/\/carnavalvegano.do\/wp-content\/galeria\/concierto-sabado-1-2-20-raulin\/cache_250x250\/concierto s\u00e1bado 1 de febrero - raul\u00edn rodr\u00edguez & teodoro reyes (13).jpg\" style=\"width:250px;margin:0;padding:2px;border-width:1px;\" alt=\"\" \/><\/a><\/div>\n<div class=\"fg_thumbnail\" style=\"width:256px;margin:0px 5px 5px 0px;\">\n<a title=\"\" href=\"https:\/\/carnavalvegano.do\/wp-content\/galeria\/concierto-sabado-1-2-20-raulin\/Concierto S\u00e1bado 1 de Febrero - Raul\u00edn Rodr\u00edguez & Teodoro Reyes (14).JPG\"><img decoding=\"async\" src=\"https:\/\/carnavalvegano.do\/wp-content\/galeria\/concierto-sabado-1-2-20-raulin\/cache_250x250\/concierto s\u00e1bado 1 de febrero - raul\u00edn rodr\u00edguez & teodoro reyes (14).jpg\" style=\"width:250px;margin:0;padding:2px;border-width:1px;\" alt=\"\" \/><\/a><\/div>\n<div class=\"fg_thumbnail\" style=\"width:256px;margin:0px 5px 5px 0px;\">\n<a title=\"\" href=\"https:\/\/carnavalvegano.do\/wp-content\/galeria\/concierto-sabado-1-2-20-raulin\/Concierto S\u00e1bado 1 de Febrero - Raul\u00edn Rodr\u00edguez & Teodoro Reyes (15).JPG\"><img decoding=\"async\" src=\"https:\/\/carnavalvegano.do\/wp-content\/galeria\/concierto-sabado-1-2-20-raulin\/cache_250x250\/concierto s\u00e1bado 1 de febrero - raul\u00edn rodr\u00edguez & teodoro reyes (15).jpg\" style=\"width:250px;margin:0;padding:2px;border-width:1px;\" alt=\"\" \/><\/a><\/div>\n<div class=\"fg_thumbnail\" style=\"width:256px;margin:0px 5px 5px 0px;\">\n<a title=\"\" href=\"https:\/\/carnavalvegano.do\/wp-content\/galeria\/concierto-sabado-1-2-20-raulin\/Concierto S\u00e1bado 1 de Febrero - Raul\u00edn Rodr\u00edguez & Teodoro Reyes (16).JPG\"><img decoding=\"async\" src=\"https:\/\/carnavalvegano.do\/wp-content\/galeria\/concierto-sabado-1-2-20-raulin\/cache_250x250\/concierto s\u00e1bado 1 de febrero - raul\u00edn rodr\u00edguez & teodoro reyes (16).jpg\" style=\"width:250px;margin:0;padding:2px;border-width:1px;\" alt=\"\" \/><\/a><\/div>\n<div class=\"fg_thumbnail\" style=\"width:256px;margin:0px 5px 5px 0px;\">\n<a title=\"\" href=\"https:\/\/carnavalvegano.do\/wp-content\/galeria\/concierto-sabado-1-2-20-raulin\/Concierto S\u00e1bado 1 de Febrero - Raul\u00edn Rodr\u00edguez & Teodoro Reyes (17).JPG\"><img decoding=\"async\" src=\"https:\/\/carnavalvegano.do\/wp-content\/galeria\/concierto-sabado-1-2-20-raulin\/cache_250x250\/concierto s\u00e1bado 1 de febrero - raul\u00edn rodr\u00edguez & teodoro reyes (17).jpg\" style=\"width:250px;margin:0;padding:2px;border-width:1px;\" alt=\"\" \/><\/a><\/div>\n<div class=\"fg_thumbnail\" style=\"width:256px;margin:0px 5px 5px 0px;\">\n<a title=\"\" href=\"https:\/\/carnavalvegano.do\/wp-content\/galeria\/concierto-sabado-1-2-20-raulin\/Concierto S\u00e1bado 1 de Febrero - Raul\u00edn Rodr\u00edguez & Teodoro Reyes (18).JPG\"><img decoding=\"async\" src=\"https:\/\/carnavalvegano.do\/wp-content\/galeria\/concierto-sabado-1-2-20-raulin\/cache_250x250\/concierto s\u00e1bado 1 de febrero - raul\u00edn rodr\u00edguez & teodoro reyes (18).jpg\" style=\"width:250px;margin:0;padding:2px;border-width:1px;\" alt=\"\" \/><\/a><\/div>\n<div class=\"fg_thumbnail\" style=\"width:256px;margin:0px 5px 5px 0px;\">\n<a title=\"\" href=\"https:\/\/carnavalvegano.do\/wp-content\/galeria\/concierto-sabado-1-2-20-raulin\/Concierto S\u00e1bado 1 de Febrero - Raul\u00edn Rodr\u00edguez & Teodoro Reyes (19).JPG\"><img decoding=\"async\" src=\"https:\/\/carnavalvegano.do\/wp-content\/galeria\/concierto-sabado-1-2-20-raulin\/cache_250x250\/concierto s\u00e1bado 1 de febrero - raul\u00edn rodr\u00edguez & teodoro reyes (19).jpg\" style=\"width:250px;margin:0;padding:2px;border-width:1px;\" alt=\"\" \/><\/a><\/div>\n<div class=\"fg_thumbnail\" style=\"width:256px;margin:0px 5px 5px 0px;\">\n<a title=\"\" href=\"https:\/\/carnavalvegano.do\/wp-content\/galeria\/concierto-sabado-1-2-20-raulin\/Concierto S\u00e1bado 1 de Febrero - Raul\u00edn Rodr\u00edguez & Teodoro Reyes (2).JPG\"><img decoding=\"async\" src=\"https:\/\/carnavalvegano.do\/wp-content\/galeria\/concierto-sabado-1-2-20-raulin\/cache_250x250\/concierto s\u00e1bado 1 de febrero - raul\u00edn rodr\u00edguez & teodoro reyes (2).jpg\" style=\"width:250px;margin:0;padding:2px;border-width:1px;\" alt=\"\" \/><\/a><\/div>\n<div class=\"fg_thumbnail\" style=\"width:256px;margin:0px 5px 5px 0px;\">\n<a title=\"\" href=\"https:\/\/carnavalvegano.do\/wp-content\/galeria\/concierto-sabado-1-2-20-raulin\/Concierto S\u00e1bado 1 de Febrero - Raul\u00edn Rodr\u00edguez & Teodoro Reyes (20).JPG\"><img decoding=\"async\" src=\"https:\/\/carnavalvegano.do\/wp-content\/galeria\/concierto-sabado-1-2-20-raulin\/cache_250x250\/concierto s\u00e1bado 1 de febrero - raul\u00edn rodr\u00edguez & teodoro reyes (20).jpg\" style=\"width:250px;margin:0;padding:2px;border-width:1px;\" alt=\"\" \/><\/a><\/div>\n<div class=\"fg_thumbnail\" style=\"width:256px;margin:0px 5px 5px 0px;\">\n<a title=\"\" href=\"https:\/\/carnavalvegano.do\/wp-content\/galeria\/concierto-sabado-1-2-20-raulin\/Concierto S\u00e1bado 1 de Febrero - Raul\u00edn Rodr\u00edguez & Teodoro Reyes (21).JPG\"><img decoding=\"async\" src=\"https:\/\/carnavalvegano.do\/wp-content\/galeria\/concierto-sabado-1-2-20-raulin\/cache_250x250\/concierto s\u00e1bado 1 de febrero - raul\u00edn rodr\u00edguez & teodoro reyes (21).jpg\" style=\"width:250px;margin:0;padding:2px;border-width:1px;\" alt=\"\" \/><\/a><\/div><br style=\"clear: both\" \/>\n<\/div>\n\n","protected":false},"excerpt":{"rendered":"","protected":false},"author":2,"featured_media":10313,"comment_status":"open","ping_status":"open","sticky":false,"template":"","format":"standard","meta":{"footnotes":""},"categories":[20],"tags":[],"_links":{"self":[{"href":"https:\/\/carnavalvegano.do\/index.php\/wp-json\/wp\/v2\/posts\/10312"}],"collection":[{"href":"https:\/\/carnavalvegano.do\/index.php\/wp-json\/wp\/v2\/posts"}],"about":[{"href":"https:\/\/carnavalvegano.do\/index.php\/wp-json\/wp\/v2\/types\/post"}],"author":[{"embeddable":true,"href":"https:\/\/carnavalvegano.do\/index.php\/wp-json\/wp\/v2\/users\/2"}],"replies":[{"embeddable":true,"href":"https:\/\/carnavalvegano.do\/index.php\/wp-json\/wp\/v2\/comments?post=10312"}],"version-history":[{"count":1,"href":"https:\/\/carnavalvegano.do\/index.php\/wp-json\/wp\/v2\/posts\/10312\/revisions"}],"predecessor-version":[{"id":10314,"href":"https:\/\/carnavalvegano.do\/index.php\/wp-json\/wp\/v2\/posts\/10312\/revisions\/10314"}],"wp:featuredmedia":[{"embeddable":true,"href":"https:\/\/carnavalvegano.do\/index.php\/wp-json\/wp\/v2\/media\/10313"}],"wp:attachment":[{"href":"https:\/\/carnavalvegano.do\/index.php\/wp-json\/wp\/v2\/media?parent=10312"}],"wp:term":[{"taxonomy":"category","embeddable":true,"href":"https:\/\/carnavalvegano.do\/index.php\/wp-json\/wp\/v2\/categories?post=10312"},{"taxonomy":"post_tag","embeddable":true,"href":"https:\/\/carnavalvegano.do\/index.php\/wp-json\/wp\/v2\/tags?post=10312"}],"curies":[{"name":"wp","href":"https:\/\/api.w.org\/{rel}","templated":true}]}}